{"id":9242,"date":"2026-04-21T19:00:00","date_gmt":"2026-04-21T17:00:00","guid":{"rendered":"https:\/\/dorelaiepan.com\/?p=9242"},"modified":"2026-03-09T16:40:53","modified_gmt":"2026-03-09T15:40:53","slug":"2026-04-28-reequilibrer-vos-chakras-retrouver-le-flux-naturel-de-lenergie-acces-live-a-1900-cet","status":"publish","type":"post","link":"https:\/\/dorelaiepan.com\/fr\/2026\/04\/21\/2026-04-28-reequilibrer-vos-chakras-retrouver-le-flux-naturel-de-lenergie-acces-live-a-1900-cet\/","title":{"rendered":"2026-04-28 R\u00e9\u00e9quilibrer Vos Chakras : Retrouver le Flux Naturel de l\u2019\u00c9nergie &#8211; acces live \u00e0 19:00 (CET)"},"content":{"rendered":"<p>As-tu d\u00e9j\u00e0 remarqu\u00e9 que, certaines p\u00e9riodes, ton \u00e9nergie circule naturellement \u2014<br>et d\u2019autres fois, tout semble plus lourd, confus ou bloqu\u00e9 ?<\/p>\n\n\n\n<p>Nos chakras jouent un r\u00f4le essentiel dans la circulation de l\u2019\u00e9nergie dans le corps.<br>Lorsqu\u2019ils sont d\u00e9s\u00e9quilibr\u00e9s, cela peut se refl\u00e9ter dans nos \u00e9motions, notre vitalit\u00e9, notre clart\u00e9 mentale et m\u00eame dans nos relations.<\/p>\n\n\n\n<p>\u2728 <strong>Mardi 28 avril 2026 \u00e0 19h00 (CET)<\/strong>, je t\u2019invite \u00e0 un atelier profond et pratique :<\/p>\n\n\n\n<p>\ud83d\udccc <strong>R\u00e9\u00e9quilibrer Vos Chakras : Retrouver le Flux Naturel de l\u2019\u00c9nergie<\/strong><\/p>\n\n\n\n<p><strong>\ud83d\uddd3 Date : <\/strong>28 avril 2026<\/p>\n\n\n\n<p><strong>\u23f0 Heure : 19h00 (CET)<\/strong><\/p>\n\n\n\n<p>\ud83d\udccd <strong>O\u00f9 :<\/strong> Google Meet<\/p>\n\n\n\n<p>\ud83d\udd17 <strong>Lien d\u2019acc\u00e8s :<\/strong> envoy\u00e9 par e-mail aux participants inscrits<\/p>\n\n\n\n<p>\u2728 <strong>Ce que tu vas vivre dans cet atelier unique<\/strong> :<br>\u2705 Comprendre comment les chakras influencent ton \u00e9tat \u00e9nerg\u00e9tique et \u00e9motionnel<br>\u2705 Identifier les d\u00e9s\u00e9quilibres qui peuvent bloquer le flux naturel de l\u2019\u00e9nergie<br>\u2705 Lib\u00e9rer des charges \u00e9nerg\u00e9tiques accumul\u00e9es dans le syst\u00e8me<br>\u2705 Retrouver plus d\u2019harmonie, de clart\u00e9 et de vitalit\u00e9 int\u00e9rieure<\/p>\n\n\n\n<p>\ud83d\udc8c <strong>Comment participer ?<\/strong><br>\u2714\ufe0f <strong>Premi\u00e8re fois ?<\/strong> R\u00e9ponds \u00e0 cet email et je t\u2019enverrai les lien d\u2019acc\u00e8s gratuitement.<br>\u2714\ufe0f <strong>D\u00e9j\u00e0 assist\u00e9 \u00e0 un atelier gratuit ?<\/strong> Active ton <a href=\"https:\/\/dorelaiepan.com\/fr\/courses\/fr-membership\/\" target=\"_blank\" rel=\"noreferrer noopener\">abonnement mensuel<\/a> (\u00e0 partir de 30\u20ac\/mois) pour participer \u00e0 tous les ateliers et acc\u00e9der aux enregistrements.<br>\u2714\ufe0f <strong>Envie d\u2019acc\u00e9der uniquement \u00e0 cet atelier ?<\/strong> Ach\u00e8te-le <a href=\"https:\/\/dorelaiepan.com\/courses\/fr-2025-03-20-liberer-la-tristesse-cachee-retrouver-lequilibre-emotionnel\/\" target=\"_blank\" rel=\"noreferrer noopener\">ici<\/a> pour 59\u20ac, et tu recevras aussi l\u2019enregistrement.<\/p>\n\n\n\n<p>Quand l\u2019\u00e9nergie circule librement, le corps, l\u2019esprit et les \u00e9motions retrouvent leur \u00e9quilibre naturel.<\/p>\n\n\n\n<p><strong>\ud83d\udc8c Tu connais quelqu\u2019un qui en aurait besoin ? N\u2019h\u00e9site pas \u00e0 partager cette <a href=\"https:\/\/dorelaiepan.com\/fr\/subscribe\/\" target=\"_blank\" rel=\"noreferrer noopener\">opportunit\u00e9<\/a> <\/strong>avec tes proches.<\/p>\n\n\n\n<p>\u00c0 tr\u00e8s bient\u00f4t !<\/p>\n\n\n\n<p><strong>P.S. : <\/strong>Consulte le <a href=\"https:\/\/dorelaiepan.com\/fr\/events\/\" target=\"_blank\" rel=\"noreferrer noopener\">calendrier complet<\/a> pour d\u00e9couvrir les prochains ateliers et \u00e9v\u00e9nements ! \ud83d\udcc5<\/p>\n\n\n\n<p><strong>P.P.S. : Assure-toi que ton <a href=\"https:\/\/dorelaiepan.com\/fr\/courses\/fr-membership\/\" target=\"_blank\" rel=\"noreferrer noopener\">abonnement<\/a> est actif pour acc\u00e9der \u00e0 l\u2019enregistrement de l\u2019atelier.<\/strong><\/p>","protected":false},"excerpt":{"rendered":"<p>As-tu d\u00e9j\u00e0 remarqu\u00e9 que, certaines p\u00e9riodes, ton \u00e9nergie circule naturellement \u2014et d\u2019autres fois, tout semble plus lourd, confus ou bloqu\u00e9 ? Nos chakras jouent un r\u00f4le essentiel dans la circulation de l\u2019\u00e9nergie dans le corps.Lorsqu\u2019ils sont d\u00e9s\u00e9quilibr\u00e9s, cela peut se refl\u00e9ter dans nos \u00e9motions, notre vitalit\u00e9, notre clart\u00e9 mentale et m\u00eame dans nos relations. \u2728<a href=\"https:\/\/dorelaiepan.com\/fr\/2026\/04\/21\/2026-04-28-reequilibrer-vos-chakras-retrouver-le-flux-naturel-de-lenergie-acces-live-a-1900-cet\/\" class=\"more-link\"><span class=\"screen-reader-text\">2026-04-28 R\u00e9\u00e9quilibrer Vos Chakras : Retrouver le Flux Naturel de l\u2019\u00c9nergie &#8211; acces live \u00e0 19:00 (CET)<\/span><\/a><\/p>","protected":false},"author":1,"featured_media":9235,"comment_status":"open","ping_status":"open","sticky":false,"template":"","format":"standard","meta":{"pmpro_default_level":"","_jetpack_memberships_contains_paid_content":false,"footnotes":""},"categories":[179],"tags":[],"class_list":["post-9242","post","type-post","status-publish","format-standard","has-post-thumbnail","hentry","category-francais","pmpro-has-access"],"jetpack_featured_media_url":"https:\/\/dorelaiepan.com\/wp-content\/uploads\/2026\/03\/FR-2026-04-28-Reequilibrer-Vos-Chakras-Retrouver-le-Flux-Naturel-de-lEnergie-acces-live-a-1900-CET.jpg","jetpack_sharing_enabled":true,"_links":{"self":[{"href":"https:\/\/dorelaiepan.com\/fr\/wp-json\/wp\/v2\/posts\/9242","targetHints":{"allow":["GET"]}}],"collection":[{"href":"https:\/\/dorelaiepan.com\/fr\/wp-json\/wp\/v2\/posts"}],"about":[{"href":"https:\/\/dorelaiepan.com\/fr\/wp-json\/wp\/v2\/types\/post"}],"author":[{"embeddable":true,"href":"https:\/\/dorelaiepan.com\/fr\/wp-json\/wp\/v2\/users\/1"}],"replies":[{"embeddable":true,"href":"https:\/\/dorelaiepan.com\/fr\/wp-json\/wp\/v2\/comments?post=9242"}],"version-history":[{"count":1,"href":"https:\/\/dorelaiepan.com\/fr\/wp-json\/wp\/v2\/posts\/9242\/revisions"}],"predecessor-version":[{"id":9243,"href":"https:\/\/dorelaiepan.com\/fr\/wp-json\/wp\/v2\/posts\/9242\/revisions\/9243"}],"wp:featuredmedia":[{"embeddable":true,"href":"https:\/\/dorelaiepan.com\/fr\/wp-json\/wp\/v2\/media\/9235"}],"wp:attachment":[{"href":"https:\/\/dorelaiepan.com\/fr\/wp-json\/wp\/v2\/media?parent=9242"}],"wp:term":[{"taxonomy":"category","embeddable":true,"href":"https:\/\/dorelaiepan.com\/fr\/wp-json\/wp\/v2\/categories?post=9242"},{"taxonomy":"post_tag","embeddable":true,"href":"https:\/\/dorelaiepan.com\/fr\/wp-json\/wp\/v2\/tags?post=9242"}],"curies":[{"name":"wp","href":"https:\/\/api.w.org\/{rel}","templated":true}]}}